{"id":1902,"date":"2026-04-29T10:28:00","date_gmt":"2026-04-29T10:28:00","guid":{"rendered":"https:\/\/www.consermuca.edu.ve\/conservatorio-de-musica-de-carabobo\/?p=1902"},"modified":"2026-04-29T10:28:06","modified_gmt":"2026-04-29T10:28:06","slug":"integrantes-de-consermuca-derrocharon-talento-en-el-concierto-de-gala-por-su-36-aniversario","status":"publish","type":"post","link":"https:\/\/www.consermuca.edu.ve\/conservatorio-de-musica-de-carabobo\/integrantes-de-consermuca-derrocharon-talento-en-el-concierto-de-gala-por-su-36-aniversario\/","title":{"rendered":"Integrantes de Consermuca derrocharon talento en el Concierto de Gala por su 36 aniversario\u00a0"},"content":{"rendered":"\n<p><\/p>\n\n\n\n<p>Docentes y aliados fueron reconocidos por su aporte <\/p>\n\n\n\n<p>(Prensa Consermuca).-Con una presentaci\u00f3n magistral, este domingo 26 de abril se celebr\u00f3 el 36 aniversario del Conservatorio de M\u00fasica del estado Carabobo (Consermuca), con un Concierto de Gala realizado en el Teatro Dr. Alfredo Celis P\u00e9rez, donde los presentes se emocionaron con el gran talento de todos sus integrantes.&nbsp;&nbsp;&nbsp;<\/p>\n\n\n\n<p><em>La directora de la instituci\u00f3n, profesora Mar\u00eda Vadell destac\u00f3 el gran trabajo que se ha venido realizando durante m\u00e1s de tres d\u00e9cadas y la evoluci\u00f3n que han experimentado en cada etapa, desde sus inicios. \u201c<\/em><em>Es como ese hijo que ya cumple 36 a\u00f1os, que nos trae demasiados recuerdos, experiencias, crecimiento y sobretodo nos mantiene en el objetivo de nuestra misi\u00f3n y la visi\u00f3n en la que creemos: la formaci\u00f3n de un m\u00fasico de excelencia, con un perfil integral que le permite aspirar a ingresar en cualquier orquesta del mundo o proseguir su formaci\u00f3n musical, contando con la acreditaci\u00f3n acad\u00e9mica con pleno reconocimiento nacional e internacionalmente, al ser considerada como el alma mater de la m\u00fasica en Carabobo\u201d.<\/em><\/p>\n\n\n\n<p>En el concierto de este domingo, 120 personas que integran la Orquesta Sinf\u00f3nica CMC y la Orquesta de Pr\u00e1ctica Inicial deleitaron a los presentes con la ejecuci\u00f3n de un repertorio de alto nivel.&nbsp;<\/p>\n\n\n\n<p>Se dio inicio con la Obertura, El barbero de Sevilla, La pavana para una infanta difunta de Ravel y seguidamente, una selecci\u00f3n de la Sinfon\u00eda n\u00famero uno de Beethoven, primero y cuarto movimiento, interpretada bajo la batuta del maestro Jorge Castillo, con la orquesta CMC. Seguidamente la Orquesta de Pr\u00e1ctica Inicial present\u00f3 su tema, <strong><em>\u201cFarandole\u201d<\/em><\/strong><em> de la Suite n.\u00ba 2 de L&#8217;Arl\u00e9sienne<\/em> &#8211; Georges Bizet, con el profesor Manuel Vadell, como director.<\/p>\n\n\n\n<p>Durante el evento, se extendi\u00f3 un agradecimiento especial a todos los patrocinantes y aliados del Conservatorio, quienes con su invaluable apoyo hacen posible que se pueda desarrollar toda la agenda cultural de esta instituci\u00f3n durante todo el a\u00f1o, as\u00ed como respaldar a esos talentos que necesitan recursos para continuar.<\/p>\n\n\n\n<p>Tambi\u00e9n se hizo entrega del Reconocimiento a la Excelencia en el Desempe\u00f1o Docente 2025-2026 a Humberto Delgado, Miriam Barcia, Analbert Castillo, Antulio Duboy, Arahy Garaicoechea, Beatriz Graterol, Franklin Mart\u00ednez, Jorge P\u00e9rez, Adriana Rigo, Sof\u00eda Tachau, Fabiana Torres, Celeste Vadell, Manuel Vadell y Blanca Valladares.<\/p>\n\n\n\n<p><em>Cabe destacar que en esta programaci\u00f3n aniversaria gran cantidad de p\u00fablico llen\u00f3 los espacios de las salas para presenciar la magistral ejecuci\u00f3n de cada pieza, en especial de las nuevas generaciones que conforman el Coro de Voces blancas, la banda r\u00edtmica, el ensamble de Jazz, ensamble de metales y de flauta, as\u00ed como la percusi\u00f3n.<\/em><\/p>\n\n\n\n<p>Fotos: Francisco Ter\u00e1n&nbsp;<\/p>\n","protected":false},"excerpt":{"rendered":"<p>Docentes y aliados fueron reconocidos por su aporte (Prensa Consermuca).-Con una presentaci\u00f3n magistral, este domingo 26 de abril se celebr\u00f3 el 36 aniversario del Conservatorio de M\u00fasica del estado Carabobo (Consermuca), con un Concierto de Gala realizado en el Teatro Dr. Alfredo Celis P\u00e9rez, donde los presentes se emocionaron con el gran talento de todos [&hellip;]<\/p>\n","protected":false},"author":2,"featured_media":1903,"comment_status":"open","ping_status":"open","sticky":false,"template":"","format":"standard","meta":{"_et_pb_use_builder":"off","_et_pb_old_content":"<!-- wp:paragraph -->\n<p><\/p>\n<!-- \/wp:paragraph -->\n\n<!-- wp:paragraph -->\n<p id=\"block-1\">\u00a0(Por  Correio de Venezuela -Abr 11, 2025) Por primera vez en la historia del Conservatorio \u2013 Escuela de Artes de Madeira,\u00a0uno de sus alumnos ha sido seleccionado para participar en el prestigioso proyecto Concertgebouw Young, organizado por la famosa Orquesta Real del Concertgebouw de \u00c1msterdam. El joven violinista Jes\u00fas Madrid fue uno de los elegidos entre cientos de candidatos de toda Europa, destacando por su talento, dedicaci\u00f3n y ejemplar trayectoria art\u00edstica.<\/p>\n<!-- \/wp:paragraph -->\n\n<!-- wp:paragraph -->\n<p>La selecci\u00f3n de Jes\u00fas Madrid representa no s\u00f3lo \u00abun reconocimiento individual, sino tambi\u00e9n un hito significativo para la instituci\u00f3n, que valida la labor pedag\u00f3gica y art\u00edstica llevada a cabo en el Conservatorio\u00bb. Con m\u00e1s de dos d\u00e9cadas de participaci\u00f3n constante en iniciativas como la Joven Orquesta de los Conservatorios Oficiales Portugueses de M\u00fasica o la Joven Orquesta Portuguesa, entre otras, el Conservatorio de Madeira \u2013 Escuela de Artes refuerza ahora su proyecci\u00f3n europea con esta distinci\u00f3n sin precedentes, demostrando su papel activo en el fomento de la participaci\u00f3n de sus alumnos en experiencias de excelencia, a trav\u00e9s de la preparaci\u00f3n y orientaci\u00f3n para importantes proyectos orquestales a nivel nacional e internacional.<\/p>\n<!-- \/wp:paragraph -->\n\n<!-- wp:paragraph -->\n<p>La participaci\u00f3n de Jes\u00fas en este programa intensivo, que tiene lugar cada dos a\u00f1os, ser\u00e1 una oportunidad \u00fanica de crecimiento art\u00edstico y afirmaci\u00f3n personal. Concertgebouw Young combina ensayos orquestales, m\u00fasica de c\u00e1mara, clases magistrales y otras actividades de desarrollo personal, y est\u00e1 dirigido por directores de renombre internacional. En agosto de 2025, la Orquesta actuar\u00e1 bajo la direcci\u00f3n de Elim Chan en dos de las salas de conciertos m\u00e1s prestigiosas del mundo: el Concertgebouw de \u00c1msterdam y la Elbphilharmonie de Hamburgo. El programa incluir\u00e1 la Sinfon\u00eda n\u00ba 5 de Dmitri Shostak\u00f3vich, el Concierto para violonchelo de Edward Elgar y Moondog, de Elizabeth Ogonek, en estreno holand\u00e9s.<\/p>\n<!-- \/wp:paragraph -->\n\n<!-- wp:paragraph -->\n<p>\u00abLa carrera de Jes\u00fas Madrid es tambi\u00e9n un ejemplo de c\u00f3mo la dedicaci\u00f3n individual, unida a una s\u00f3lida estructura pedag\u00f3gica, puede abrir puertas extraordinarias\u00bb, se\u00f1ala la instituci\u00f3n.<\/p>\n<!-- \/wp:paragraph -->\n\n<!-- wp:paragraph -->\n<p id=\"block-5\">Nacido en 2008 en Valencia, Venezuela, Jes\u00fas comenz\u00f3 sus estudios en el Conservatorio de M\u00fasica de Carabobo y en 2021 ingres\u00f3 en la Orquesta Sinf\u00f3nica de Carabobo, con la que colabor\u00f3 durante dos temporadas. Desde 2023 estudia en el Conservatorio de Madeira \u2013 Escuela de Artes, donde cursa 2\u00ba curso de Instrumentista Profesional, en la clase de viol\u00edn del profesor Norberto Gomes. Es miembro de la Orquesta Sinf\u00f3nica y del Estudio de M\u00fasica Antigua del Conservatorio, y ya ha participado en varias audiciones y proyectos orquestales destacados en Portugal. Tambi\u00e9n destaca por su participaci\u00f3n en clases magistrales con reconocidos pedagogos y violinistas internacionales, y por sus pr\u00e1cticas con la Orquesta Cl\u00e1sica de Madeira y otras instituciones.<\/p>\n<!-- \/wp:paragraph -->\n\n<!-- wp:paragraph -->\n<p><\/p>\n<!-- \/wp:paragraph -->\n\n<!-- wp:list -->\n<ul class=\"wp-block-list\"><!-- wp:list-item -->\n<li><a href=\"https:\/\/www.dnoticias.pt\/tag\/geral\/conservatorio-escola-profissional-das-artes-da-madeira-13857\/\">Conservat\u00f3rio \u2013 Escola Profissional das Artes da Madeira<\/a><\/li>\n<!-- \/wp:list-item --><\/ul>\n<!-- \/wp:list -->","_et_gb_content_width":"","footnotes":""},"categories":[5],"tags":[],"class_list":["post-1902","post","type-post","status-publish","format-standard","has-post-thumbnail","hentry","category-noticias"],"_links":{"self":[{"href":"https:\/\/www.consermuca.edu.ve\/conservatorio-de-musica-de-carabobo\/wp-json\/wp\/v2\/posts\/1902","targetHints":{"allow":["GET"]}}],"collection":[{"href":"https:\/\/www.consermuca.edu.ve\/conservatorio-de-musica-de-carabobo\/wp-json\/wp\/v2\/posts"}],"about":[{"href":"https:\/\/www.consermuca.edu.ve\/conservatorio-de-musica-de-carabobo\/wp-json\/wp\/v2\/types\/post"}],"author":[{"embeddable":true,"href":"https:\/\/www.consermuca.edu.ve\/conservatorio-de-musica-de-carabobo\/wp-json\/wp\/v2\/users\/2"}],"replies":[{"embeddable":true,"href":"https:\/\/www.consermuca.edu.ve\/conservatorio-de-musica-de-carabobo\/wp-json\/wp\/v2\/comments?post=1902"}],"version-history":[{"count":1,"href":"https:\/\/www.consermuca.edu.ve\/conservatorio-de-musica-de-carabobo\/wp-json\/wp\/v2\/posts\/1902\/revisions"}],"predecessor-version":[{"id":1904,"href":"https:\/\/www.consermuca.edu.ve\/conservatorio-de-musica-de-carabobo\/wp-json\/wp\/v2\/posts\/1902\/revisions\/1904"}],"wp:featuredmedia":[{"embeddable":true,"href":"https:\/\/www.consermuca.edu.ve\/conservatorio-de-musica-de-carabobo\/wp-json\/wp\/v2\/media\/1903"}],"wp:attachment":[{"href":"https:\/\/www.consermuca.edu.ve\/conservatorio-de-musica-de-carabobo\/wp-json\/wp\/v2\/media?parent=1902"}],"wp:term":[{"taxonomy":"category","embeddable":true,"href":"https:\/\/www.consermuca.edu.ve\/conservatorio-de-musica-de-carabobo\/wp-json\/wp\/v2\/categories?post=1902"},{"taxonomy":"post_tag","embeddable":true,"href":"https:\/\/www.consermuca.edu.ve\/conservatorio-de-musica-de-carabobo\/wp-json\/wp\/v2\/tags?post=1902"}],"curies":[{"name":"wp","href":"https:\/\/api.w.org\/{rel}","templated":true}]}}